 {"id":2772,"date":"2023-05-17T16:01:45","date_gmt":"2023-05-17T14:01:45","guid":{"rendered":"https:\/\/www.altertax-avocats.com\/?p=2772"},"modified":"2023-05-23T11:06:15","modified_gmt":"2023-05-23T09:06:15","slug":"what-is-the-annual-3-contribution-on-real-estate","status":"publish","type":"post","link":"https:\/\/www.altertax-avocats.com\/en\/what-is-the-annual-3-contribution-on-real-estate\/","title":{"rendered":"What is the annual 3% contribution on real estate?"},"content":{"rendered":"<p>[et_pb_section fb_built=&#8221;1&#8243; _builder_version=&#8221;4.18.0&#8243; _module_preset=&#8221;default&#8221; collapsed=&#8221;off&#8221; global_colors_info=&#8221;{}&#8221;][et_pb_row use_custom_gutter=&#8221;on&#8221; gutter_width=&#8221;1&#8243; _builder_version=&#8221;4.18.0&#8243; _module_preset=&#8221;default&#8221; locked=&#8221;off&#8221; global_colors_info=&#8221;{}&#8221;][et_pb_column type=&#8221;4_4&#8243; _builder_version=&#8221;4.18.0&#8243; _module_preset=&#8221;default&#8221; custom_padding=&#8221;|40px|||false|false&#8221; global_colors_info=&#8221;{}&#8221;][et_pb_post_title _builder_version=&#8221;4.18.0&#8243; _module_preset=&#8221;default&#8221; title_text_color=&#8221;#11677A&#8221; title_font_size=&#8221;32px&#8221; custom_margin=&#8221;||30px||false|false&#8221; global_colors_info=&#8221;{}&#8221;][\/et_pb_post_title][et_pb_text _builder_version=&#8221;4.18.0&#8243; _module_preset=&#8221;default&#8221; text_font=&#8221;Quicksand||||||||&#8221; link_text_color=&#8221;#666666&#8243; hover_enabled=&#8221;0&#8243; global_colors_info=&#8221;{}&#8221; sticky_enabled=&#8221;0&#8243;]<\/p>\n<div id=\"container_38209612\" class=\" sb-bloc sb-bloc-level-3 bloc-element-text  \">\n<div class=\"element element-text displayed_in_1_column\" spellcheck=\"true\">\n<p><strong>Free translation \u2013 for information purposes only<\/p>\n<p>Legal entities that own real estate in France are subject to a tax of 3% on the value of their properties. This tax on the fair market value of real estate was introduced by the 1983 Finance Law with the objective of ensuring visibility of the chains of ownership of properties by French and foreign entities, allowing the identification of shareholders and thereby verifying the proper application of the Wealth Tax (ISF), now replaced by the Real Estate Wealth Tax (IFI).<\/strong><\/p>\n<p><strong>In principle, this tax is due by all French or foreign legal entities owning one or more properties in France, but over time and thanks to favorable case law, the scope of this tax has gradually narrowed. There are now many cases of exemptions.<\/strong><\/p>\n<\/div>\n<\/div>\n<p>[\/et_pb_text][et_pb_text _builder_version=&#8221;4.18.0&#8243; _module_preset=&#8221;default&#8221; header_font_size=&#8221;33px&#8221; header_2_font=&#8221;|600|||||||&#8221; header_2_text_color=&#8221;#11677A&#8221; header_2_font_size=&#8221;30px&#8221; custom_margin=&#8221;20px||||false|false&#8221; locked=&#8221;off&#8221; global_colors_info=&#8221;{}&#8221;]<\/p>\n<div id=\"container_35717274\" class=\" sb-bloc sb-bloc-level-3 bloc-element-title  \">\n<div class=\"element element-title sb-vi-text-left theme-skin\">\n<div id=\"container_38209442\" class=\" sb-bloc sb-bloc-level-3 bloc-element-title  \">\n<div class=\"element element-title sb-vi-text-left theme-skin\">\n<div id=\"container_38209442\" class=\" sb-bloc sb-bloc-level-3 bloc-element-title  \">\n<div class=\"element element-title sb-vi-text-left theme-skin\">\n<h2>Which entities are concerned ?<\/h2>\n<\/div>\n<\/div>\n<div id=\"container_38209447\" class=\" sb-bloc sb-bloc-level-3 bloc-element-text  \">\n<div class=\"element element-text displayed_in_1_column\" spellcheck=\"true\">\u00a0<\/div>\n<\/div>\n<\/div>\n<\/div>\n<\/div>\n<\/div>\n<p>[\/et_pb_text][et_pb_divider color=&#8221;rgba(17,154,178,0.59)&#8221; divider_weight=&#8221;2px&#8221; _builder_version=&#8221;4.18.0&#8243; _module_preset=&#8221;default&#8221; width=&#8221;33%&#8221; module_alignment=&#8221;left&#8221; custom_margin=&#8221;5px||||false|false&#8221; custom_padding=&#8221;0px||||false|false&#8221; locked=&#8221;off&#8221; global_colors_info=&#8221;{}&#8221;][\/et_pb_divider][et_pb_text _builder_version=&#8221;4.18.0&#8243; _module_preset=&#8221;default&#8221; text_font=&#8221;Quicksand||||||||&#8221; link_text_color=&#8221;#666666&#8243; header_3_font=&#8221;|600|||||||&#8221; header_3_text_color=&#8221;#F3944E&#8221; global_colors_info=&#8221;{}&#8221;]<\/p>\n<div id=\"container_38209612\" class=\" sb-bloc sb-bloc-level-3 bloc-element-text  \">\n<div class=\"element element-text displayed_in_1_column\" spellcheck=\"true\">\n<div id=\"container_38209447\" class=\" sb-bloc sb-bloc-level-3 bloc-element-text  \">\n<div class=\"element element-text displayed_in_1_column\" spellcheck=\"true\">\n<div id=\"container_38209447\" class=\" sb-bloc sb-bloc-level-3 bloc-element-text  \">\n<div class=\"element element-text displayed_in_1_column\" spellcheck=\"true\">\n<p>Under Articles 990D to 990G of the French Tax Code, the 3% tax is applicable to &#8220;legal entities: legal persons, organizations, trusts or comparable institutions that, directly or through interposed entities, own one or more properties located in France or hold real rights on these properties are subject to an annual tax equal to 3% of the fair market value of these properties or rights.&#8221;<\/p>\n<\/div>\n<\/div>\n<\/div>\n<\/div>\n<\/div>\n<\/div>\n<p>[\/et_pb_text][et_pb_text _builder_version=&#8221;4.18.0&#8243; _module_preset=&#8221;default&#8221; header_font_size=&#8221;33px&#8221; header_2_font=&#8221;|600|||||||&#8221; header_2_text_color=&#8221;#11677A&#8221; header_2_font_size=&#8221;30px&#8221; custom_margin=&#8221;20px||||false|false&#8221; locked=&#8221;off&#8221; global_colors_info=&#8221;{}&#8221;]<\/p>\n<div id=\"container_35717274\" class=\" sb-bloc sb-bloc-level-3 bloc-element-title  \">\n<div class=\"element element-title sb-vi-text-left theme-skin\">\n<div id=\"container_38209442\" class=\" sb-bloc sb-bloc-level-3 bloc-element-title  \">\n<div class=\"element element-title sb-vi-text-left theme-skin\">\n<div id=\"container_38209442\" class=\" sb-bloc sb-bloc-level-3 bloc-element-title  \">\n<div class=\"element element-title sb-vi-text-left theme-skin\">\n<h2>Exemptions<\/h2>\n<\/div>\n<\/div>\n<\/div>\n<\/div>\n<\/div>\n<\/div>\n<p>[\/et_pb_text][et_pb_divider color=&#8221;rgba(17,154,178,0.59)&#8221; divider_weight=&#8221;2px&#8221; _builder_version=&#8221;4.18.0&#8243; _module_preset=&#8221;default&#8221; width=&#8221;33%&#8221; module_alignment=&#8221;left&#8221; custom_margin=&#8221;5px||||false|false&#8221; custom_padding=&#8221;0px||||false|false&#8221; locked=&#8221;off&#8221; global_colors_info=&#8221;{}&#8221;][\/et_pb_divider][et_pb_text _builder_version=&#8221;4.18.0&#8243; _module_preset=&#8221;default&#8221; text_font=&#8221;Quicksand||||||||&#8221; link_text_color=&#8221;#666666&#8243; header_3_font=&#8221;|600|||||||&#8221; header_3_text_color=&#8221;#F3944E&#8221; global_colors_info=&#8221;{}&#8221;]<\/p>\n<p>Article 990E specifies the cases of exemption from this 3% tax. A number of entities are exempt from reporting obligations :<\/p>\n<ul>\n<li>This is the case for International Organizations, States and their political and territorial subdivisions, and the legal entities they predominantly control;<\/li>\n<li>Legal entities that cannot be considered as having a real estate predominance, that is to say, whose real estate assets located in France represent less than 50% of the French assets held directly or indirectly. Ultimately, only real estate dominant companies (such as SCI) are concerned.<\/li>\n<li>Listed legal entities<\/li>\n<\/ul>\n<p>In the absence of automatic exemption and when the legal entities concerned have their registered office within the European Union or in a country that has concluded an administrative assistance agreement with France to combat tax fraud and evasion, they will benefit from a favorable regime but must nevertheless annually complete form no. 2746, to be submitted before May 16 of each year during the ownership period of the property. The declaration must be transmitted electronically (French Tax Code, Article 1649 quater B quater, XII).<\/p>\n<p>This is notably the case for pension funds and other non-profit organizations carrying out a disinterested activity.<\/p>\n<p>This is also the case for entities that commit to communicating to the tax administration, on its request: the situation, consistency, and value of the properties owned on January 1, the identity and address of all shareholders, members or other persons holding more than 1% of the shares, parts or other rights, as well as the number of shares, parts or other rights held by each of them.<\/p>\n<p>[\/et_pb_text][et_pb_text _builder_version=&#8221;4.18.0&#8243; _module_preset=&#8221;default&#8221; header_font_size=&#8221;33px&#8221; header_2_font=&#8221;|600|||||||&#8221; header_2_text_color=&#8221;#11677A&#8221; header_2_font_size=&#8221;30px&#8221; custom_margin=&#8221;20px||||false|false&#8221; locked=&#8221;off&#8221; global_colors_info=&#8221;{}&#8221;]<\/p>\n<div id=\"container_35717274\" class=\" sb-bloc sb-bloc-level-3 bloc-element-title  \">\n<div class=\"element element-title sb-vi-text-left theme-skin\">\n<div id=\"container_38209442\" class=\" sb-bloc sb-bloc-level-3 bloc-element-title  \">\n<div class=\"element element-title sb-vi-text-left theme-skin\">\n<div id=\"container_38209442\" class=\" sb-bloc sb-bloc-level-3 bloc-element-title  \">\n<div class=\"element element-title sb-vi-text-left theme-skin\">\n<h2>Declaration obligations<\/h2>\n<\/div>\n<\/div>\n<div id=\"container_38209447\" class=\" sb-bloc sb-bloc-level-3 bloc-element-text  \">\n<div class=\"element element-text displayed_in_1_column\" spellcheck=\"true\">\u00a0<\/div>\n<\/div>\n<\/div>\n<\/div>\n<\/div>\n<\/div>\n<p>[\/et_pb_text][et_pb_divider color=&#8221;rgba(17,154,178,0.59)&#8221; divider_weight=&#8221;2px&#8221; _builder_version=&#8221;4.18.0&#8243; _module_preset=&#8221;default&#8221; width=&#8221;33%&#8221; module_alignment=&#8221;left&#8221; custom_margin=&#8221;5px||||false|false&#8221; custom_padding=&#8221;0px||||false|false&#8221; locked=&#8221;off&#8221; global_colors_info=&#8221;{}&#8221;][\/et_pb_divider][et_pb_text _builder_version=&#8221;4.18.0&#8243; _module_preset=&#8221;default&#8221; text_font=&#8221;Quicksand||||||||&#8221; link_text_color=&#8221;#666666&#8243; header_3_font=&#8221;|600|||||||&#8221; header_3_text_color=&#8221;#F3944E&#8221; global_colors_info=&#8221;{}&#8221;]<\/p>\n<p>Legal entities must submit a declaration no. 2746, in duplicate, accompanied by payment of the tax, before May 16 of each year. This declaration must indicate the location, consistency, and fair market value of taxable real estate or real estate rights.<\/p>\n<p>The teams at Altertax regularly assist their clients active in the real estate sector in identifying their declaration obligations regarding the ownership of real estate in France.<\/p>\n<p>[\/et_pb_text][dsm_text_divider header=&#8221;@&#8221; color=&#8221;#666666&#8243; _builder_version=&#8221;4.18.0&#8243; _module_preset=&#8221;default&#8221; custom_margin=&#8221;20px||||false|false&#8221; global_colors_info=&#8221;{}&#8221;][\/dsm_text_divider][et_pb_text _builder_version=&#8221;4.18.0&#8243; _module_preset=&#8221;default&#8221; text_font=&#8221;Quicksand||||||||&#8221; link_text_color=&#8221;#666666&#8243; header_3_font=&#8221;|600|||||||&#8221; header_3_text_color=&#8221;#F3944E&#8221; header_3_font_size=&#8221;20px&#8221; header_3_line_height=&#8221;1.2em&#8221; global_colors_info=&#8221;{}&#8221;]<\/p>\n<div id=\"container_38209612\" class=\" sb-bloc sb-bloc-level-3 bloc-element-text  \">\n<div class=\"element element-text displayed_in_1_column\" spellcheck=\"true\">\n<div id=\"container_38209656\" class=\" sb-bloc sb-bloc-level-3 bloc-element-text  \">\n<div class=\"element element-text displayed_in_1_column\" spellcheck=\"true\">\n<div id=\"container_38210919\" class=\" sb-bloc sb-bloc-level-3 bloc-element-text  \">\n<div class=\"element element-text displayed_in_1_column\" spellcheck=\"true\">\n<h3><strong>Do not hesitate to contact AlterTax Avocats, a team of tax lawyers with solid experience, for more information.<\/strong><\/h3>\n<\/div>\n<\/div>\n<\/div>\n<\/div>\n<\/div>\n<\/div>\n<p>[\/et_pb_text][et_pb_contact_form use_spam_service=&#8221;on&#8221; email=&#8221;contact@altertax-avocats.com&#8221; success_message=&#8221;Your message has been sent with success !&#8221; submit_button_text=&#8221;Send&#8221; _builder_version=&#8221;4.18.0&#8243; _module_preset=&#8221;default&#8221; _unique_id=&#8221;978eacfd-f9b5-411a-b3ec-4c143ead69e3&#8243; form_field_background_color=&#8221;RGBA(255,255,255,0)&#8221; custom_button=&#8221;on&#8221; button_text_size=&#8221;17px&#8221; button_text_color=&#8221;#FFFFFF&#8221; button_bg_color=&#8221;#F3944E&#8221; button_border_color=&#8221;#F3944E&#8221; button_border_radius=&#8221;25px&#8221; button_use_icon=&#8221;off&#8221; border_width_bottom=&#8221;1px&#8221; global_colors_info=&#8221;{}&#8221; button_border_color__hover_enabled=&#8221;on|desktop&#8221; button_border_color__hover=&#8221;#F3944E&#8221; button_bg_color__hover_enabled=&#8221;on|desktop&#8221; button_bg_color__hover=&#8221;#FFFFFF&#8221; button_bg_enable_color__hover=&#8221;on&#8221; button_text_color__hover_enabled=&#8221;on|desktop&#8221; button_text_color__hover=&#8221;#F3944E&#8221; button_border_radius__hover_enabled=&#8221;on|desktop&#8221; button_border_radius__hover=&#8221;25px&#8221;][et_pb_contact_field field_id=&#8221;Name&#8221; field_title=&#8221;Name&#8221; _builder_version=&#8221;4.18.0&#8243; global_colors_info=&#8221;{}&#8221; button_text_size__hover_enabled=&#8221;off&#8221; button_one_text_size__hover_enabled=&#8221;off&#8221; button_two_text_size__hover_enabled=&#8221;off&#8221; button_text_color__hover_enabled=&#8221;off&#8221; button_one_text_color__hover_enabled=&#8221;off&#8221; button_two_text_color__hover_enabled=&#8221;off&#8221; button_border_width__hover_enabled=&#8221;off&#8221; button_one_border_width__hover_enabled=&#8221;off&#8221; button_two_border_width__hover_enabled=&#8221;off&#8221; button_border_color__hover_enabled=&#8221;off&#8221; button_one_border_color__hover_enabled=&#8221;off&#8221; button_two_border_color__hover_enabled=&#8221;off&#8221; button_border_radius__hover_enabled=&#8221;off&#8221; button_one_border_radius__hover_enabled=&#8221;off&#8221; button_two_border_radius__hover_enabled=&#8221;off&#8221; button_letter_spacing__hover_enabled=&#8221;off&#8221; button_one_letter_spacing__hover_enabled=&#8221;off&#8221; button_two_letter_spacing__hover_enabled=&#8221;off&#8221; button_bg_color__hover_enabled=&#8221;off&#8221; button_one_bg_color__hover_enabled=&#8221;off&#8221; button_two_bg_color__hover_enabled=&#8221;off&#8221;][\/et_pb_contact_field][et_pb_contact_field field_id=&#8221;Name_2&#8243; field_title=&#8221;First name&#8221; _builder_version=&#8221;4.18.0&#8243; global_colors_info=&#8221;{}&#8221; button_text_size__hover_enabled=&#8221;off&#8221; button_one_text_size__hover_enabled=&#8221;off&#8221; button_two_text_size__hover_enabled=&#8221;off&#8221; button_text_color__hover_enabled=&#8221;off&#8221; button_one_text_color__hover_enabled=&#8221;off&#8221; button_two_text_color__hover_enabled=&#8221;off&#8221; button_border_width__hover_enabled=&#8221;off&#8221; button_one_border_width__hover_enabled=&#8221;off&#8221; button_two_border_width__hover_enabled=&#8221;off&#8221; button_border_color__hover_enabled=&#8221;off&#8221; button_one_border_color__hover_enabled=&#8221;off&#8221; button_two_border_color__hover_enabled=&#8221;off&#8221; button_border_radius__hover_enabled=&#8221;off&#8221; button_one_border_radius__hover_enabled=&#8221;off&#8221; button_two_border_radius__hover_enabled=&#8221;off&#8221; button_letter_spacing__hover_enabled=&#8221;off&#8221; button_one_letter_spacing__hover_enabled=&#8221;off&#8221; button_two_letter_spacing__hover_enabled=&#8221;off&#8221; button_bg_color__hover_enabled=&#8221;off&#8221; button_one_bg_color__hover_enabled=&#8221;off&#8221; button_two_bg_color__hover_enabled=&#8221;off&#8221;][\/et_pb_contact_field][et_pb_contact_field field_id=&#8221;Email&#8221; field_title=&#8221;Email&#8221; field_type=&#8221;email&#8221; _builder_version=&#8221;4.18.0&#8243; global_colors_info=&#8221;{}&#8221; button_text_size__hover_enabled=&#8221;off&#8221; button_one_text_size__hover_enabled=&#8221;off&#8221; button_two_text_size__hover_enabled=&#8221;off&#8221; button_text_color__hover_enabled=&#8221;off&#8221; button_one_text_color__hover_enabled=&#8221;off&#8221; button_two_text_color__hover_enabled=&#8221;off&#8221; button_border_width__hover_enabled=&#8221;off&#8221; button_one_border_width__hover_enabled=&#8221;off&#8221; button_two_border_width__hover_enabled=&#8221;off&#8221; button_border_color__hover_enabled=&#8221;off&#8221; button_one_border_color__hover_enabled=&#8221;off&#8221; button_two_border_color__hover_enabled=&#8221;off&#8221; button_border_radius__hover_enabled=&#8221;off&#8221; button_one_border_radius__hover_enabled=&#8221;off&#8221; button_two_border_radius__hover_enabled=&#8221;off&#8221; button_letter_spacing__hover_enabled=&#8221;off&#8221; button_one_letter_spacing__hover_enabled=&#8221;off&#8221; button_two_letter_spacing__hover_enabled=&#8221;off&#8221; button_bg_color__hover_enabled=&#8221;off&#8221; button_one_bg_color__hover_enabled=&#8221;off&#8221; button_two_bg_color__hover_enabled=&#8221;off&#8221;][\/et_pb_contact_field][et_pb_contact_field field_id=&#8221;phone&#8221; field_title=&#8221;Telephone&#8221; min_length=&#8221;11&#8243; _builder_version=&#8221;4.18.0&#8243; global_colors_info=&#8221;{}&#8221; button_text_size__hover_enabled=&#8221;off&#8221; button_one_text_size__hover_enabled=&#8221;off&#8221; button_two_text_size__hover_enabled=&#8221;off&#8221; button_text_color__hover_enabled=&#8221;off&#8221; button_one_text_color__hover_enabled=&#8221;off&#8221; button_two_text_color__hover_enabled=&#8221;off&#8221; button_border_width__hover_enabled=&#8221;off&#8221; button_one_border_width__hover_enabled=&#8221;off&#8221; button_two_border_width__hover_enabled=&#8221;off&#8221; button_border_color__hover_enabled=&#8221;off&#8221; button_one_border_color__hover_enabled=&#8221;off&#8221; button_two_border_color__hover_enabled=&#8221;off&#8221; button_border_radius__hover_enabled=&#8221;off&#8221; button_one_border_radius__hover_enabled=&#8221;off&#8221; button_two_border_radius__hover_enabled=&#8221;off&#8221; button_letter_spacing__hover_enabled=&#8221;off&#8221; button_one_letter_spacing__hover_enabled=&#8221;off&#8221; button_two_letter_spacing__hover_enabled=&#8221;off&#8221; button_bg_color__hover_enabled=&#8221;off&#8221; button_one_bg_color__hover_enabled=&#8221;off&#8221; button_two_bg_color__hover_enabled=&#8221;off&#8221;][\/et_pb_contact_field][et_pb_contact_field field_id=&#8221;Subject&#8221; field_title=&#8221;Subject&#8221; fullwidth_field=&#8221;on&#8221; _builder_version=&#8221;4.18.0&#8243; global_colors_info=&#8221;{}&#8221; button_text_size__hover_enabled=&#8221;off&#8221; button_one_text_size__hover_enabled=&#8221;off&#8221; button_two_text_size__hover_enabled=&#8221;off&#8221; button_text_color__hover_enabled=&#8221;off&#8221; button_one_text_color__hover_enabled=&#8221;off&#8221; button_two_text_color__hover_enabled=&#8221;off&#8221; button_border_width__hover_enabled=&#8221;off&#8221; button_one_border_width__hover_enabled=&#8221;off&#8221; button_two_border_width__hover_enabled=&#8221;off&#8221; button_border_color__hover_enabled=&#8221;off&#8221; button_one_border_color__hover_enabled=&#8221;off&#8221; button_two_border_color__hover_enabled=&#8221;off&#8221; button_border_radius__hover_enabled=&#8221;off&#8221; button_one_border_radius__hover_enabled=&#8221;off&#8221; button_two_border_radius__hover_enabled=&#8221;off&#8221; button_letter_spacing__hover_enabled=&#8221;off&#8221; button_one_letter_spacing__hover_enabled=&#8221;off&#8221; button_two_letter_spacing__hover_enabled=&#8221;off&#8221; button_bg_color__hover_enabled=&#8221;off&#8221; button_one_bg_color__hover_enabled=&#8221;off&#8221; button_two_bg_color__hover_enabled=&#8221;off&#8221;][\/et_pb_contact_field][et_pb_contact_field field_id=&#8221;Message&#8221; field_title=&#8221;Message&#8221; field_type=&#8221;text&#8221; fullwidth_field=&#8221;on&#8221; _builder_version=&#8221;4.16&#8243; global_colors_info=&#8221;{}&#8221; button_text_size__hover_enabled=&#8221;off&#8221; button_one_text_size__hover_enabled=&#8221;off&#8221; button_two_text_size__hover_enabled=&#8221;off&#8221; button_text_color__hover_enabled=&#8221;off&#8221; button_one_text_color__hover_enabled=&#8221;off&#8221; button_two_text_color__hover_enabled=&#8221;off&#8221; button_border_width__hover_enabled=&#8221;off&#8221; button_one_border_width__hover_enabled=&#8221;off&#8221; button_two_border_width__hover_enabled=&#8221;off&#8221; button_border_color__hover_enabled=&#8221;off&#8221; button_one_border_color__hover_enabled=&#8221;off&#8221; button_two_border_color__hover_enabled=&#8221;off&#8221; button_border_radius__hover_enabled=&#8221;off&#8221; button_one_border_radius__hover_enabled=&#8221;off&#8221; button_two_border_radius__hover_enabled=&#8221;off&#8221; button_letter_spacing__hover_enabled=&#8221;off&#8221; button_one_letter_spacing__hover_enabled=&#8221;off&#8221; button_two_letter_spacing__hover_enabled=&#8221;off&#8221; button_bg_color__hover_enabled=&#8221;off&#8221; button_one_bg_color__hover_enabled=&#8221;off&#8221; button_two_bg_color__hover_enabled=&#8221;off&#8221;][\/et_pb_contact_field][\/et_pb_contact_form][et_pb_post_nav in_same_term=&#8221;off&#8221; prev_text=&#8221;Previous articles&#8221; next_text=&#8221;Next articles&#8221; _builder_version=&#8221;4.18.0&#8243; _module_preset=&#8221;default&#8221; title_font=&#8221;Quicksand||||||||&#8221; title_text_color=&#8221;#666666&#8243; custom_padding=&#8221;10px|20px|10px|20px|true|true&#8221; border_width_all=&#8221;1px&#8221; border_color_all=&#8221;#666666&#8243; global_colors_info=&#8221;{}&#8221; title_text_color__hover_enabled=&#8221;on|desktop&#8221; title_text_color__hover=&#8221;#11677A&#8221;][\/et_pb_post_nav][et_pb_text _builder_version=&#8221;4.18.0&#8243; _module_preset=&#8221;default&#8221; text_font=&#8221;|600|||||||&#8221; text_text_color=&#8221;#666666&#8243; text_font_size=&#8221;22px&#8221; link_text_color=&#8221;#666666&#8243; custom_margin=&#8221;40px||||false|false&#8221; global_colors_info=&#8221;{}&#8221;]<\/p>\n<div id=\"container_38209612\" class=\" sb-bloc sb-bloc-level-3 bloc-element-text  \">\n<div class=\"element element-text displayed_in_1_column\" spellcheck=\"true\">\n<div id=\"container_38209656\" class=\" sb-bloc sb-bloc-level-3 bloc-element-text  \">\n<div class=\"element element-text displayed_in_1_column\" spellcheck=\"true\">\n<p>Similar articles<\/p>\n<\/div>\n<\/div>\n<\/div>\n<\/div>\n<p>[\/et_pb_text][et_pb_blog fullwidth=&#8221;off&#8221; posts_number=&#8221;2&#8243; include_categories=&#8221;current&#8221; show_thumbnail=&#8221;off&#8221; use_manual_excerpt=&#8221;off&#8221; excerpt_length=&#8221;0&#8243; show_author=&#8221;off&#8221; show_date=&#8221;off&#8221; _builder_version=&#8221;4.18.0&#8243; _module_preset=&#8221;default&#8221; header_font=&#8221;Quicksand||||||||&#8221; header_text_color=&#8221;#11677A&#8221; header_font_size=&#8221;17px&#8221; meta_text_color=&#8221;#a8a8a8&#8243; module_alignment=&#8221;left&#8221; custom_margin=&#8221;10px|||-20px|false|false&#8221; custom_padding=&#8221;|||0px|false|false&#8221; border_width_all=&#8221;0px&#8221; global_colors_info=&#8221;{}&#8221;][\/et_pb_blog][\/et_pb_column][\/et_pb_row][\/et_pb_section]<\/p>\n","protected":false},"excerpt":{"rendered":"<p>Legal entities that own real estate in France are subject to a tax of 3% on the value of their properties. This tax on the fair market value of real estate was introduced by the 1983 Finance Law with the objective of ensuring visibility of the chains of ownership of properties by French and foreign entities, allowing the identification of shareholders and thereby verifying the proper application of the Wealth Tax (ISF), now replaced by the Real Estate Wealth Tax (IFI).<\/p>\n","protected":false},"author":1,"featured_media":0,"comment_status":"closed","ping_status":"open","sticky":false,"template":"","format":"standard","meta":{"_et_pb_use_builder":"on","_et_pb_old_content":"<!-- wp:divi\/placeholder \/-->","_et_gb_content_width":"1080","footnotes":""},"categories":[95,10],"tags":[243,244],"class_list":["post-2772","post","type-post","status-publish","format-standard","hentry","category-corporate-taxation","category-current-operation","tag-domiciliary-visits","tag-tax-searches"],"yoast_head":"<!-- This site is optimized with the Yoast SEO plugin v27.5 - https:\/\/yoast.com\/product\/yoast-seo-wordpress\/ -->\n<title>What is the annual 3% contribution on real estate? - Altertax Avocats<\/title>\n<meta name=\"description\" content=\"Discover the legal entities concerned, exemption cases, reporting obligations, and favorable regimes for listed entities in this article on the 3% annual contribution on real estate in France. The experts at Altertax will assist you in identifying your reporting obligations.\" \/>\n<meta name=\"robots\" content=\"index, follow, max-snippet:-1, max-image-preview:large, max-video-preview:-1\" \/>\n<link rel=\"canonical\" href=\"https:\/\/www.altertax-avocats.com\/en\/what-is-the-annual-3-contribution-on-real-estate\/\" \/>\n<meta property=\"og:locale\" content=\"en_US\" \/>\n<meta property=\"og:type\" content=\"article\" \/>\n<meta property=\"og:title\" content=\"What is the annual 3% contribution on real estate? - Altertax Avocats\" \/>\n<meta property=\"og:description\" content=\"Discover the legal entities concerned, exemption cases, reporting obligations, and favorable regimes for listed entities in this article on the 3% annual contribution on real estate in France. The experts at Altertax will assist you in identifying your reporting obligations.\" \/>\n<meta property=\"og:url\" content=\"https:\/\/www.altertax-avocats.com\/en\/what-is-the-annual-3-contribution-on-real-estate\/\" \/>\n<meta property=\"og:site_name\" content=\"Altertax Avocats\" \/>\n<meta property=\"article:published_time\" content=\"2023-05-17T14:01:45+00:00\" \/>\n<meta property=\"article:modified_time\" content=\"2023-05-23T09:06:15+00:00\" \/>\n<meta property=\"og:image\" content=\"https:\/\/www.altertax-avocats.com\/wp-content\/uploads\/2024\/03\/altertax-avocats-logo-black-full.png\" \/>\n\t<meta property=\"og:image:width\" content=\"1009\" \/>\n\t<meta property=\"og:image:height\" content=\"286\" \/>\n\t<meta property=\"og:image:type\" content=\"image\/png\" \/>\n<meta name=\"author\" content=\"Equipe de AlterTax Avocats\" \/>\n<meta name=\"twitter:card\" content=\"summary_large_image\" \/>\n<meta name=\"twitter:label1\" content=\"Written by\" \/>\n\t<meta name=\"twitter:data1\" content=\"Equipe de AlterTax Avocats\" \/>\n\t<meta name=\"twitter:label2\" content=\"Est. reading time\" \/>\n\t<meta name=\"twitter:data2\" content=\"5 minutes\" \/>\n<script type=\"application\/ld+json\" class=\"yoast-schema-graph\">{\"@context\":\"https:\\\/\\\/schema.org\",\"@graph\":[{\"@type\":\"Article\",\"@id\":\"https:\\\/\\\/www.altertax-avocats.com\\\/en\\\/what-is-the-annual-3-contribution-on-real-estate\\\/#article\",\"isPartOf\":{\"@id\":\"https:\\\/\\\/www.altertax-avocats.com\\\/en\\\/what-is-the-annual-3-contribution-on-real-estate\\\/\"},\"author\":{\"name\":\"Equipe de AlterTax Avocats\",\"@id\":\"https:\\\/\\\/www.altertax-avocats.com\\\/en\\\/#\\\/schema\\\/person\\\/bbfb0f93f3e05c30485cf20fa2dff731\"},\"headline\":\"What is the annual 3% contribution on real estate?\",\"datePublished\":\"2023-05-17T14:01:45+00:00\",\"dateModified\":\"2023-05-23T09:06:15+00:00\",\"mainEntityOfPage\":{\"@id\":\"https:\\\/\\\/www.altertax-avocats.com\\\/en\\\/what-is-the-annual-3-contribution-on-real-estate\\\/\"},\"wordCount\":2280,\"publisher\":{\"@id\":\"https:\\\/\\\/www.altertax-avocats.com\\\/en\\\/#organization\"},\"keywords\":[\"domiciliary visits\",\"tax searches\"],\"articleSection\":[\"Corporate taxation\",\"Current Operation\"],\"inLanguage\":\"en-US\"},{\"@type\":\"WebPage\",\"@id\":\"https:\\\/\\\/www.altertax-avocats.com\\\/en\\\/what-is-the-annual-3-contribution-on-real-estate\\\/\",\"url\":\"https:\\\/\\\/www.altertax-avocats.com\\\/en\\\/what-is-the-annual-3-contribution-on-real-estate\\\/\",\"name\":\"What is the annual 3% contribution on real estate? - Altertax Avocats\",\"isPartOf\":{\"@id\":\"https:\\\/\\\/www.altertax-avocats.com\\\/en\\\/#website\"},\"datePublished\":\"2023-05-17T14:01:45+00:00\",\"dateModified\":\"2023-05-23T09:06:15+00:00\",\"description\":\"Discover the legal entities concerned, exemption cases, reporting obligations, and favorable regimes for listed entities in this article on the 3% annual contribution on real estate in France. The experts at Altertax will assist you in identifying your reporting obligations.\",\"breadcrumb\":{\"@id\":\"https:\\\/\\\/www.altertax-avocats.com\\\/en\\\/what-is-the-annual-3-contribution-on-real-estate\\\/#breadcrumb\"},\"inLanguage\":\"en-US\",\"potentialAction\":[{\"@type\":\"ReadAction\",\"target\":[\"https:\\\/\\\/www.altertax-avocats.com\\\/en\\\/what-is-the-annual-3-contribution-on-real-estate\\\/\"]}]},{\"@type\":\"BreadcrumbList\",\"@id\":\"https:\\\/\\\/www.altertax-avocats.com\\\/en\\\/what-is-the-annual-3-contribution-on-real-estate\\\/#breadcrumb\",\"itemListElement\":[{\"@type\":\"ListItem\",\"position\":1,\"name\":\"Accueil\",\"item\":\"https:\\\/\\\/www.altertax-avocats.com\\\/en\\\/\"},{\"@type\":\"ListItem\",\"position\":2,\"name\":\"What is the annual 3% contribution on real estate?\"}]},{\"@type\":\"WebSite\",\"@id\":\"https:\\\/\\\/www.altertax-avocats.com\\\/en\\\/#website\",\"url\":\"https:\\\/\\\/www.altertax-avocats.com\\\/en\\\/\",\"name\":\"Altertax Avocats\",\"description\":\"Avocats Fiscalistes Paris, Droit Fiscal\",\"publisher\":{\"@id\":\"https:\\\/\\\/www.altertax-avocats.com\\\/en\\\/#organization\"},\"potentialAction\":[{\"@type\":\"SearchAction\",\"target\":{\"@type\":\"EntryPoint\",\"urlTemplate\":\"https:\\\/\\\/www.altertax-avocats.com\\\/en\\\/?s={search_term_string}\"},\"query-input\":{\"@type\":\"PropertyValueSpecification\",\"valueRequired\":true,\"valueName\":\"search_term_string\"}}],\"inLanguage\":\"en-US\"},{\"@type\":\"Organization\",\"@id\":\"https:\\\/\\\/www.altertax-avocats.com\\\/en\\\/#organization\",\"name\":\"ALTERTAX\",\"alternateName\":\"AlterTax Avocats\",\"url\":\"https:\\\/\\\/www.altertax-avocats.com\\\/en\\\/\",\"logo\":{\"@type\":\"ImageObject\",\"inLanguage\":\"en-US\",\"@id\":\"https:\\\/\\\/www.altertax-avocats.com\\\/en\\\/#\\\/schema\\\/logo\\\/image\\\/\",\"url\":\"https:\\\/\\\/www.altertax-avocats.com\\\/wp-content\\\/uploads\\\/2024\\\/01\\\/logo-emblem-altertax-avocats.png\",\"contentUrl\":\"https:\\\/\\\/www.altertax-avocats.com\\\/wp-content\\\/uploads\\\/2024\\\/01\\\/logo-emblem-altertax-avocats.png\",\"width\":912,\"height\":672,\"caption\":\"ALTERTAX\"},\"image\":{\"@id\":\"https:\\\/\\\/www.altertax-avocats.com\\\/en\\\/#\\\/schema\\\/logo\\\/image\\\/\"},\"sameAs\":[\"https:\\\/\\\/www.linkedin.com\\\/company\\\/altertax-avocats\\\/\"]},{\"@type\":\"Person\",\"@id\":\"https:\\\/\\\/www.altertax-avocats.com\\\/en\\\/#\\\/schema\\\/person\\\/bbfb0f93f3e05c30485cf20fa2dff731\",\"name\":\"Equipe de AlterTax Avocats\",\"image\":{\"@type\":\"ImageObject\",\"inLanguage\":\"en-US\",\"@id\":\"https:\\\/\\\/secure.gravatar.com\\\/avatar\\\/8ed93df48bf80b68ecf1c66be3eb65c16a34c10d761d8160949214a7913d5907?s=96&d=mm&r=g\",\"url\":\"https:\\\/\\\/secure.gravatar.com\\\/avatar\\\/8ed93df48bf80b68ecf1c66be3eb65c16a34c10d761d8160949214a7913d5907?s=96&d=mm&r=g\",\"contentUrl\":\"https:\\\/\\\/secure.gravatar.com\\\/avatar\\\/8ed93df48bf80b68ecf1c66be3eb65c16a34c10d761d8160949214a7913d5907?s=96&d=mm&r=g\",\"caption\":\"Equipe de AlterTax Avocats\"},\"description\":\"Avec 25 ans d'exp\u00e9rience en droit fiscal, notamment dans de grands cabinets fran\u00e7ais et internationaux, je fournis des conseils sur-mesure en fiscalit\u00e9. Ma passion et mon implication me permettent d'accompagner efficacement les entreprises fran\u00e7aises dans leur expansion internationale, ainsi que les groupes \u00e9trangers et multinationales dans leurs op\u00e9rations transfrontali\u00e8res et de r\u00e9organisation. Je conseille \u00e9galement les personnes physiques pour la gestion de leur patrimoine et leur planification successorale. Mon expertise s'\u00e9tend au contentieux fiscal devant les juridictions administratives et civiles.\",\"sameAs\":[\"https:\\\/\\\/www.altertax-avocats.com\",\"https:\\\/\\\/www.linkedin.com\\\/in\\\/cyril-maucour\\\/\"],\"url\":\"https:\\\/\\\/www.altertax-avocats.com\\\/notre-equipe\\\/\"}]}<\/script>\n<!-- \/ Yoast SEO plugin. -->","yoast_head_json":{"title":"What is the annual 3% contribution on real estate? - Altertax Avocats","description":"Discover the legal entities concerned, exemption cases, reporting obligations, and favorable regimes for listed entities in this article on the 3% annual contribution on real estate in France. The experts at Altertax will assist you in identifying your reporting obligations.","robots":{"index":"index","follow":"follow","max-snippet":"max-snippet:-1","max-image-preview":"max-image-preview:large","max-video-preview":"max-video-preview:-1"},"canonical":"https:\/\/www.altertax-avocats.com\/en\/what-is-the-annual-3-contribution-on-real-estate\/","og_locale":"en_US","og_type":"article","og_title":"What is the annual 3% contribution on real estate? - Altertax Avocats","og_description":"Discover the legal entities concerned, exemption cases, reporting obligations, and favorable regimes for listed entities in this article on the 3% annual contribution on real estate in France. The experts at Altertax will assist you in identifying your reporting obligations.","og_url":"https:\/\/www.altertax-avocats.com\/en\/what-is-the-annual-3-contribution-on-real-estate\/","og_site_name":"Altertax Avocats","article_published_time":"2023-05-17T14:01:45+00:00","article_modified_time":"2023-05-23T09:06:15+00:00","og_image":[{"width":1009,"height":286,"url":"https:\/\/www.altertax-avocats.com\/wp-content\/uploads\/2024\/03\/altertax-avocats-logo-black-full.png","type":"image\/png"}],"author":"Equipe de AlterTax Avocats","twitter_card":"summary_large_image","twitter_misc":{"Written by":"Equipe de AlterTax Avocats","Est. reading time":"5 minutes"},"schema":{"@context":"https:\/\/schema.org","@graph":[{"@type":"Article","@id":"https:\/\/www.altertax-avocats.com\/en\/what-is-the-annual-3-contribution-on-real-estate\/#article","isPartOf":{"@id":"https:\/\/www.altertax-avocats.com\/en\/what-is-the-annual-3-contribution-on-real-estate\/"},"author":{"name":"Equipe de AlterTax Avocats","@id":"https:\/\/www.altertax-avocats.com\/en\/#\/schema\/person\/bbfb0f93f3e05c30485cf20fa2dff731"},"headline":"What is the annual 3% contribution on real estate?","datePublished":"2023-05-17T14:01:45+00:00","dateModified":"2023-05-23T09:06:15+00:00","mainEntityOfPage":{"@id":"https:\/\/www.altertax-avocats.com\/en\/what-is-the-annual-3-contribution-on-real-estate\/"},"wordCount":2280,"publisher":{"@id":"https:\/\/www.altertax-avocats.com\/en\/#organization"},"keywords":["domiciliary visits","tax searches"],"articleSection":["Corporate taxation","Current Operation"],"inLanguage":"en-US"},{"@type":"WebPage","@id":"https:\/\/www.altertax-avocats.com\/en\/what-is-the-annual-3-contribution-on-real-estate\/","url":"https:\/\/www.altertax-avocats.com\/en\/what-is-the-annual-3-contribution-on-real-estate\/","name":"What is the annual 3% contribution on real estate? - Altertax Avocats","isPartOf":{"@id":"https:\/\/www.altertax-avocats.com\/en\/#website"},"datePublished":"2023-05-17T14:01:45+00:00","dateModified":"2023-05-23T09:06:15+00:00","description":"Discover the legal entities concerned, exemption cases, reporting obligations, and favorable regimes for listed entities in this article on the 3% annual contribution on real estate in France. The experts at Altertax will assist you in identifying your reporting obligations.","breadcrumb":{"@id":"https:\/\/www.altertax-avocats.com\/en\/what-is-the-annual-3-contribution-on-real-estate\/#breadcrumb"},"inLanguage":"en-US","potentialAction":[{"@type":"ReadAction","target":["https:\/\/www.altertax-avocats.com\/en\/what-is-the-annual-3-contribution-on-real-estate\/"]}]},{"@type":"BreadcrumbList","@id":"https:\/\/www.altertax-avocats.com\/en\/what-is-the-annual-3-contribution-on-real-estate\/#breadcrumb","itemListElement":[{"@type":"ListItem","position":1,"name":"Accueil","item":"https:\/\/www.altertax-avocats.com\/en\/"},{"@type":"ListItem","position":2,"name":"What is the annual 3% contribution on real estate?"}]},{"@type":"WebSite","@id":"https:\/\/www.altertax-avocats.com\/en\/#website","url":"https:\/\/www.altertax-avocats.com\/en\/","name":"Altertax Avocats","description":"Avocats Fiscalistes Paris, Droit Fiscal","publisher":{"@id":"https:\/\/www.altertax-avocats.com\/en\/#organization"},"potentialAction":[{"@type":"SearchAction","target":{"@type":"EntryPoint","urlTemplate":"https:\/\/www.altertax-avocats.com\/en\/?s={search_term_string}"},"query-input":{"@type":"PropertyValueSpecification","valueRequired":true,"valueName":"search_term_string"}}],"inLanguage":"en-US"},{"@type":"Organization","@id":"https:\/\/www.altertax-avocats.com\/en\/#organization","name":"ALTERTAX","alternateName":"AlterTax Avocats","url":"https:\/\/www.altertax-avocats.com\/en\/","logo":{"@type":"ImageObject","inLanguage":"en-US","@id":"https:\/\/www.altertax-avocats.com\/en\/#\/schema\/logo\/image\/","url":"https:\/\/www.altertax-avocats.com\/wp-content\/uploads\/2024\/01\/logo-emblem-altertax-avocats.png","contentUrl":"https:\/\/www.altertax-avocats.com\/wp-content\/uploads\/2024\/01\/logo-emblem-altertax-avocats.png","width":912,"height":672,"caption":"ALTERTAX"},"image":{"@id":"https:\/\/www.altertax-avocats.com\/en\/#\/schema\/logo\/image\/"},"sameAs":["https:\/\/www.linkedin.com\/company\/altertax-avocats\/"]},{"@type":"Person","@id":"https:\/\/www.altertax-avocats.com\/en\/#\/schema\/person\/bbfb0f93f3e05c30485cf20fa2dff731","name":"Equipe de AlterTax Avocats","image":{"@type":"ImageObject","inLanguage":"en-US","@id":"https:\/\/secure.gravatar.com\/avatar\/8ed93df48bf80b68ecf1c66be3eb65c16a34c10d761d8160949214a7913d5907?s=96&d=mm&r=g","url":"https:\/\/secure.gravatar.com\/avatar\/8ed93df48bf80b68ecf1c66be3eb65c16a34c10d761d8160949214a7913d5907?s=96&d=mm&r=g","contentUrl":"https:\/\/secure.gravatar.com\/avatar\/8ed93df48bf80b68ecf1c66be3eb65c16a34c10d761d8160949214a7913d5907?s=96&d=mm&r=g","caption":"Equipe de AlterTax Avocats"},"description":"Avec 25 ans d'exp\u00e9rience en droit fiscal, notamment dans de grands cabinets fran\u00e7ais et internationaux, je fournis des conseils sur-mesure en fiscalit\u00e9. Ma passion et mon implication me permettent d'accompagner efficacement les entreprises fran\u00e7aises dans leur expansion internationale, ainsi que les groupes \u00e9trangers et multinationales dans leurs op\u00e9rations transfrontali\u00e8res et de r\u00e9organisation. Je conseille \u00e9galement les personnes physiques pour la gestion de leur patrimoine et leur planification successorale. Mon expertise s'\u00e9tend au contentieux fiscal devant les juridictions administratives et civiles.","sameAs":["https:\/\/www.altertax-avocats.com","https:\/\/www.linkedin.com\/in\/cyril-maucour\/"],"url":"https:\/\/www.altertax-avocats.com\/notre-equipe\/"}]}},"_links":{"self":[{"href":"https:\/\/www.altertax-avocats.com\/en\/wp-json\/wp\/v2\/posts\/2772","targetHints":{"allow":["GET"]}}],"collection":[{"href":"https:\/\/www.altertax-avocats.com\/en\/wp-json\/wp\/v2\/posts"}],"about":[{"href":"https:\/\/www.altertax-avocats.com\/en\/wp-json\/wp\/v2\/types\/post"}],"author":[{"embeddable":true,"href":"https:\/\/www.altertax-avocats.com\/en\/wp-json\/wp\/v2\/users\/1"}],"replies":[{"embeddable":true,"href":"https:\/\/www.altertax-avocats.com\/en\/wp-json\/wp\/v2\/comments?post=2772"}],"version-history":[{"count":7,"href":"https:\/\/www.altertax-avocats.com\/en\/wp-json\/wp\/v2\/posts\/2772\/revisions"}],"predecessor-version":[{"id":3009,"href":"https:\/\/www.altertax-avocats.com\/en\/wp-json\/wp\/v2\/posts\/2772\/revisions\/3009"}],"wp:attachment":[{"href":"https:\/\/www.altertax-avocats.com\/en\/wp-json\/wp\/v2\/media?parent=2772"}],"wp:term":[{"taxonomy":"category","embeddable":true,"href":"https:\/\/www.altertax-avocats.com\/en\/wp-json\/wp\/v2\/categories?post=2772"},{"taxonomy":"post_tag","embeddable":true,"href":"https:\/\/www.altertax-avocats.com\/en\/wp-json\/wp\/v2\/tags?post=2772"}],"curies":[{"name":"wp","href":"https:\/\/api.w.org\/{rel}","templated":true}]}}